{"id":6977,"date":"2015-01-24T21:08:12","date_gmt":"2015-01-25T02:08:12","guid":{"rendered":"https:\/\/tipiti.biz\/site\/?p=6977"},"modified":"2017-12-28T15:30:52","modified_gmt":"2017-12-28T20:30:52","slug":"anderson-dovilas-la-poesie-comme-une-vertu","status":"publish","type":"post","link":"https:\/\/tipiti.biz\/site\/2015\/01\/24\/anderson-dovilas-la-poesie-comme-une-vertu\/","title":{"rendered":"Anderson Dovilas,  la po\u00e9sie comme une vertu."},"content":{"rendered":"<p style=\"text-align: justify;\"><em><a href=\"https:\/\/i0.wp.com\/tipiti.biz\/site\/wp-content\/uploads\/2015\/01\/Andy01.jpg?ssl=1\"><img loading=\"lazy\" decoding=\"async\" class=\"alignright size-medium wp-image-6981\" src=\"https:\/\/i0.wp.com\/tipiti.biz\/site\/wp-content\/uploads\/2015\/01\/Andy01.jpg?resize=280%2C300&#038;ssl=1\" alt=\"Andy01\" width=\"280\" height=\"300\" data-recalc-dims=\"1\" \/><\/a>\u00ab\u00a0<a title=\"Patasw\u00e8 Video\" href=\"https:\/\/www.youtube.com\/watch?v=J8CGmF4QL-Y\" target=\"_blank\" rel=\"noopener\">Patasw\u00e8l<\/a>\u00a0\u00bb, est le dernier po\u00e8me mit en image de Anderson Dovilas, dans lequel il veut que les ha\u00eftiens ressentent la complexit\u00e9 de la vie de la diaspora. Ha\u00efti n\u2019est pas une terre de malchance et la Diaspora n\u2019est pas une vache \u00e0 lait\u00a0; il suffit de fixer son objectif et travailler pour y arriver explique t-il. C\u2019est dans cette logique qu\u2019il exhorte les jeunes qui veulent se lancer dans la po\u00e9sie de se verser dans la lecture, tout en \u00e9tant s\u00e9lectif, de participer dans les ateliers d\u2019\u00e9critures\u00a0; car un grand cr\u00e9ateur est in\u00e9vitablement un grand chercheur.<\/em><\/p>\n<p style=\"text-align: justify;\">N\u00e9 \u00e0 Port-au-Prince d\u2019une famille originaire de Mirebalais ,Anderson Dovilas est n\u00e9 en plein trouble politique en 1985 quelques mois avant le d\u00e9part des Duvalier. Par la lecture, par la m\u00e9morisation des po\u00e8mes qu\u2019on lui donnait \u00e0 \u00e9tudier en guise de punition au lyc\u00e9e Ant\u00e9nor Firmin, il d\u00e9couvre la po\u00e9sie et en devient amoureux. Tout jeune \u00e0 12 ans il \u00e9crit des po\u00e8mes et quatre (4) ans plus tard il se lance dans le th\u00e9\u00e2tre. Il int\u00e8gre l\u2019Atelier Cr\u00e9ation Marcel Gilbert de la Biblioth\u00e8que Justin L\u2019H\u00e9risson situ\u00e9 \u00e0 Carrefour et acquiert des qualit\u00e9s de diseur qu\u2019il am\u00e9liore en travaillant avec pers\u00e9v\u00e9rance.<\/p>\n<p style=\"text-align: justify;\">Anderson Dovilas ne se r\u00e9clame d\u2019aucun courant litt\u00e9raire, mais se sent influenc\u00e9 en grande partie par le surr\u00e9alisme et le r\u00e9alisme merveilleux de <em>Jacques Stephen Alexis<\/em> et d\u2019<em><a href=\"http:\/\/fr.wikipedia.org\/wiki\/Alejo_Carpentier\">Alejo Carpentier<\/a><\/em>. Dans sa po\u00e9sie, le message v\u00e9hicul\u00e9 est d\u2019abord un message individuel. Mais possible d\u2019\u00eatre interpr\u00e9t\u00e9 et comprit. Il consid\u00e8re sa po\u00e9sie comme un voyage sans fin, une qu\u00eate d\u2019une paix int\u00e9rieure, une th\u00e9rapie sans th\u00e9rapeute. Au lieu d\u2019\u00eatre un messager, il donne l\u2019opportunit\u00e9 aux gens de puiser et d\u2019ajouter quoique ce soit.<\/p>\n<p style=\"text-align: justify;\">Selon le po\u00e8te, il est difficile de mesurer l\u2019appr\u00e9ciation du public face \u00e0 son \u0153uvre. \u00ab\u00a0Cela d\u00e9pend de quel public. Parce que la po\u00e9sie est un genre r\u00e9serv\u00e9 et difficile\u00a0; beaucoup de Po\u00e8te, et tr\u00e8s peu de po\u00e9sie. Parfois quand les gens critiquent, d\u2019autres applaudissent. C\u2019est une pratique humaine, il faut consid\u00e9rer les deux.\u00a0 Il ajoute\u00a0: \u00ab\u00a0Jusqu\u2019\u00e0 pr\u00e9sent ma po\u00e9sie fait son chemin \u00e0 grand \u00e9lan\u00a0; je dois dire que le pic atteint \u00e0 presque d\u00e9passer mon intention, et c\u2019est ce qui me donne la force de travailler tr\u00e8s dure pour enrichir ma production avec des \u0153uvres de valeurs.\u00a0\u00bb<\/p>\n<p style=\"text-align: justify;\">\u00ab Je n\u2019\u00e9cris pas parce que j\u2019existe, j\u2019\u00e9cris parce que cet Art m\u2019en est devenu une vertu.\u00a0\u00bb<\/p>\n<p style=\"text-align: justify;\">[myyoutubeplaylist J8CGmF4QL-Y, Yb4Q4jZ7YNE]<\/p>\n<p>&nbsp;<\/p>\n<p><strong><em>Livres publi\u00e9s<\/em><\/strong><\/p>\n<p>&#8211; <strong>Pw\u00e8l nan Zo<\/strong>. Edition Lagomatik, Canada, 2009.<br \/>\n&#8211; <strong>Les Iles en accent aigu<\/strong>. Le Chasseur Abstrait \u00e9diteur, Paris, 2009.<br \/>\n&#8211; <strong>Liminasyon<\/strong>. Les \u00e9ditions Lafont. Santo Domingo, 2011.<br \/>\n&#8211; <strong>Vingt po\u00e8mes pour traverser la nuit<\/strong>. Edilivre, Paris, 2011.<br \/>\n&#8211; <strong>Laviwonn<\/strong>. Edition Perle des Antilles, West Palm Beach, 2012.<br \/>\n&#8211; <strong>Mon pays, rien de luxe<\/strong>. Editions Trouvailles, Connecticut, 2012.<br \/>\n&#8211; <strong>The Shadow of the Veins<\/strong>. Publish America. Baltimore, 2013.<br \/>\n&#8211; <strong>M\u00e9moire d\u2019outre-monde<\/strong>. L\u2019Harmattan. Paris, 2014.<\/p>\n<p><strong><em>Projet sonore <\/em><\/strong><\/p>\n<p>&#8211;\u00a0<strong>Pwezire<\/strong>, Coconut Publishing Company, Inc. Orlando, 2014.<\/p>\n<p>&nbsp;<\/p>\n<p><strong><em>Publications Collectives<\/em><\/strong><\/p>\n<p style=\"padding-left: 30px;\"><em>&#8211; Anthologie <strong>POUR HAITI<\/strong>, avec les Editions DESNEL. Editeur, Suzane DRACIUS. Fevrier 2010. avec la participation de: <strong>Ren\u00e9 Depestre, <\/strong><\/em><strong><em>Maryse Cond\u00e9, Jean M\u00e9tellus, Alain Mabanckou.<\/em><\/strong><\/p>\n<p style=\"padding-left: 30px;\">&#8211; <em>Anthologie de la Poesie Haitienne (<strong>Cahier <\/strong><\/em><strong><em>Haiti<\/em><\/strong><em>). Le chasseur Abstrait Editeur. Mai 2009. <\/em><strong><em>Post face de Rodney Saint-\u00c9loi et James No\u00ebl.<\/em><\/strong><\/p>\n<p style=\"padding-left: 30px;\">&#8211; <em>Revue: Le Manoir des poetes. En France.<\/em><\/p>\n<p style=\"padding-left: 30px;\">&#8211; <em>Anthologie <strong>POETE POUR HAITI <\/strong>avec Dana SHISHMANIAN. Publie par l\u2019Hamarttan en Mars<\/em><\/p>\n<p style=\"padding-left: 30px;\"><em>&#8211; Anthologie <strong>Voix sans Fronti\u00e8re\/Voci fara hotare <\/strong>dirig\u00e9 par Marilena Lica-Masala et Yvan Tetelbom.Publi\u00e9 par l\u2019Hamarttan en Octobre 2010.\u00a0\u00a0\u00a0\u00a0\u00a0<\/em><\/p>\n<p>&nbsp;<\/p>\n<p style=\"text-align: justify;\"><!-- Facebook Badge START --><a style=\"font-family: 'lucida grande',tahoma,verdana,arial,sans-serif; font-size: 11px; font-variant: normal; font-style: normal; font-weight: normal; color: #3b5998; text-decoration: none;\" title=\"Yves Osner Dorvil\" href=\"https:\/\/www.facebook.com\/Yod.ht\" target=\"_TOP\">Yves Osner Dorvil<\/a><span style=\"font-family: 'lucida grande',tahoma,verdana,arial,sans-serif; font-size: 11px; line-height: 16px; font-variant: normal; font-style: normal; font-weight: normal; color: #555555; text-decoration: none;\"> | <\/span><a style=\"font-family: 'lucida grande',tahoma,verdana,arial,sans-serif; font-size: 11px; font-variant: normal; font-style: normal; font-weight: normal; color: #3b5998; text-decoration: none;\" title=\"Cr\u00e9ez votre propre badge !\" href=\"https:\/\/www.facebook.com\/badges\/\" target=\"_TOP\">Cr\u00e9ez votre badge<\/a><br \/>\n<a title=\"Yves Osner Dorvil\" href=\"https:\/\/www.facebook.com\/Yod.ht\" target=\"_TOP\"><img decoding=\"async\" style=\"border: 0px;\" src=\"https:\/\/i0.wp.com\/badge.facebook.com\/badge\/621501040.616.1685956022.png?ssl=1\" alt=\"\" data-recalc-dims=\"1\" \/><\/a><!-- Facebook Badge END --><\/p>\n","protected":false},"excerpt":{"rendered":"<p>\u00ab\u00a0Patasw\u00e8l\u00a0\u00bb, est le dernier po\u00e8me mit en image de Anderson Dovilas, dans lequel il veut&#8230;<\/p>\n<div class=\"more-link-wrapper\"><a class=\"more-link\" href=\"https:\/\/tipiti.biz\/site\/2015\/01\/24\/anderson-dovilas-la-poesie-comme-une-vertu\/\">Read the post<span class=\"screen-reader-text\">Anderson Dovilas,  la po\u00e9sie comme une vertu.<\/span><\/a><\/div>\n","protected":false},"author":5,"featured_media":0,"comment_status":"closed","ping_status":"open","sticky":false,"template":"","format":"standard","meta":{"spay_email":"","footnotes":"","jetpack_publicize_message":"","jetpack_is_tweetstorm":false,"jetpack_publicize_feature_enabled":true},"categories":[1],"tags":[],"class_list":["post-6977","post","type-post","status-publish","format-standard","hentry","category-non-classe","excerpt","zoom","full-without-featured","even","excerpt-0"],"yoast_head":"<!-- This site is optimized with the Yoast SEO plugin v19.12 - https:\/\/yoast.com\/wordpress\/plugins\/seo\/ -->\n<title>Anderson Dovilas, la po\u00e9sie comme une vertu. - Tipiti<\/title>\n<meta name=\"robots\" content=\"index, follow, max-snippet:-1, max-image-preview:large, max-video-preview:-1\" \/>\n<link rel=\"canonical\" href=\"https:\/\/tipiti.biz\/site\/2015\/01\/24\/anderson-dovilas-la-poesie-comme-une-vertu\/\" \/>\n<meta property=\"og:locale\" content=\"fr_FR\" \/>\n<meta property=\"og:type\" content=\"article\" \/>\n<meta property=\"og:title\" content=\"Anderson Dovilas, la po\u00e9sie comme une vertu. - Tipiti\" \/>\n<meta property=\"og:description\" content=\"\u00ab\u00a0Patasw\u00e8l\u00a0\u00bb, est le dernier po\u00e8me mit en image de Anderson Dovilas, dans lequel il veut&#8230;\" \/>\n<meta property=\"og:url\" content=\"https:\/\/tipiti.biz\/site\/2015\/01\/24\/anderson-dovilas-la-poesie-comme-une-vertu\/\" \/>\n<meta property=\"og:site_name\" content=\"Tipiti\" \/>\n<meta property=\"article:publisher\" content=\"https:\/\/www.facebook.com\/Tipiti.biz\" \/>\n<meta property=\"article:published_time\" content=\"2015-01-25T02:08:12+00:00\" \/>\n<meta property=\"article:modified_time\" content=\"2017-12-28T20:30:52+00:00\" \/>\n<meta property=\"og:image\" content=\"https:\/\/tipiti.biz\/site\/wp-content\/uploads\/2015\/01\/Andy01-280x300.jpg\" \/>\n<meta name=\"author\" content=\"YOD\" \/>\n<meta name=\"twitter:card\" content=\"summary_large_image\" \/>\n<meta name=\"twitter:creator\" content=\"@Tipitibiz\" \/>\n<meta name=\"twitter:site\" content=\"@Tipitibiz\" \/>\n<meta name=\"twitter:label1\" content=\"\u00c9crit par\" \/>\n\t<meta name=\"twitter:data1\" content=\"YOD\" \/>\n\t<meta name=\"twitter:label2\" content=\"Dur\u00e9e de lecture estim\u00e9e\" \/>\n\t<meta name=\"twitter:data2\" content=\"3 minutes\" \/>\n<script type=\"application\/ld+json\" class=\"yoast-schema-graph\">{\"@context\":\"https:\/\/schema.org\",\"@graph\":[{\"@type\":\"Article\",\"@id\":\"https:\/\/tipiti.biz\/site\/2015\/01\/24\/anderson-dovilas-la-poesie-comme-une-vertu\/#article\",\"isPartOf\":{\"@id\":\"https:\/\/tipiti.biz\/site\/2015\/01\/24\/anderson-dovilas-la-poesie-comme-une-vertu\/\"},\"author\":{\"name\":\"YOD\",\"@id\":\"https:\/\/tipiti.biz\/site\/#\/schema\/person\/4b261eb542aeaa6bfde1a98b107953b0\"},\"headline\":\"Anderson Dovilas, la po\u00e9sie comme une vertu.\",\"datePublished\":\"2015-01-25T02:08:12+00:00\",\"dateModified\":\"2017-12-28T20:30:52+00:00\",\"mainEntityOfPage\":{\"@id\":\"https:\/\/tipiti.biz\/site\/2015\/01\/24\/anderson-dovilas-la-poesie-comme-une-vertu\/\"},\"wordCount\":662,\"publisher\":{\"@id\":\"https:\/\/tipiti.biz\/site\/#organization\"},\"inLanguage\":\"fr-FR\"},{\"@type\":\"WebPage\",\"@id\":\"https:\/\/tipiti.biz\/site\/2015\/01\/24\/anderson-dovilas-la-poesie-comme-une-vertu\/\",\"url\":\"https:\/\/tipiti.biz\/site\/2015\/01\/24\/anderson-dovilas-la-poesie-comme-une-vertu\/\",\"name\":\"Anderson Dovilas, la po\u00e9sie comme une vertu. - Tipiti\",\"isPartOf\":{\"@id\":\"https:\/\/tipiti.biz\/site\/#website\"},\"datePublished\":\"2015-01-25T02:08:12+00:00\",\"dateModified\":\"2017-12-28T20:30:52+00:00\",\"breadcrumb\":{\"@id\":\"https:\/\/tipiti.biz\/site\/2015\/01\/24\/anderson-dovilas-la-poesie-comme-une-vertu\/#breadcrumb\"},\"inLanguage\":\"fr-FR\",\"potentialAction\":[{\"@type\":\"ReadAction\",\"target\":[\"https:\/\/tipiti.biz\/site\/2015\/01\/24\/anderson-dovilas-la-poesie-comme-une-vertu\/\"]}]},{\"@type\":\"BreadcrumbList\",\"@id\":\"https:\/\/tipiti.biz\/site\/2015\/01\/24\/anderson-dovilas-la-poesie-comme-une-vertu\/#breadcrumb\",\"itemListElement\":[{\"@type\":\"ListItem\",\"position\":1,\"name\":\"Accueil\",\"item\":\"https:\/\/tipiti.biz\/site\/\"},{\"@type\":\"ListItem\",\"position\":2,\"name\":\"Anderson Dovilas, la po\u00e9sie comme une vertu.\"}]},{\"@type\":\"WebSite\",\"@id\":\"https:\/\/tipiti.biz\/site\/#website\",\"url\":\"https:\/\/tipiti.biz\/site\/\",\"name\":\"Tipiti\",\"description\":\"Ayiti Cheri - Konsa nou ye!\",\"publisher\":{\"@id\":\"https:\/\/tipiti.biz\/site\/#organization\"},\"potentialAction\":[{\"@type\":\"SearchAction\",\"target\":{\"@type\":\"EntryPoint\",\"urlTemplate\":\"https:\/\/tipiti.biz\/site\/?s={search_term_string}\"},\"query-input\":\"required name=search_term_string\"}],\"inLanguage\":\"fr-FR\"},{\"@type\":\"Organization\",\"@id\":\"https:\/\/tipiti.biz\/site\/#organization\",\"name\":\"Tipiti\",\"url\":\"https:\/\/tipiti.biz\/site\/\",\"logo\":{\"@type\":\"ImageObject\",\"inLanguage\":\"fr-FR\",\"@id\":\"https:\/\/tipiti.biz\/site\/#\/schema\/logo\/image\/\",\"url\":\"https:\/\/i0.wp.com\/tipiti.biz\/site\/wp-content\/uploads\/2022\/12\/logoTipiti.jpeg?fit=1080%2C1080&ssl=1\",\"contentUrl\":\"https:\/\/i0.wp.com\/tipiti.biz\/site\/wp-content\/uploads\/2022\/12\/logoTipiti.jpeg?fit=1080%2C1080&ssl=1\",\"width\":1080,\"height\":1080,\"caption\":\"Tipiti\"},\"image\":{\"@id\":\"https:\/\/tipiti.biz\/site\/#\/schema\/logo\/image\/\"},\"sameAs\":[\"https:\/\/www.instagram.com\/tipitibiz\",\"https:\/\/www.youtube.com\/c\/TipitiBiz\",\"https:\/\/www.facebook.com\/Tipiti.biz\",\"https:\/\/twitter.com\/Tipitibiz\"]},{\"@type\":\"Person\",\"@id\":\"https:\/\/tipiti.biz\/site\/#\/schema\/person\/4b261eb542aeaa6bfde1a98b107953b0\",\"name\":\"YOD\",\"image\":{\"@type\":\"ImageObject\",\"inLanguage\":\"fr-FR\",\"@id\":\"https:\/\/tipiti.biz\/site\/#\/schema\/person\/image\/\",\"url\":\"https:\/\/secure.gravatar.com\/avatar\/48e18b99e02789fb64f098171bbb7323e897ef7526a570756771115719d1633a?s=96&d=mm&r=g\",\"contentUrl\":\"https:\/\/secure.gravatar.com\/avatar\/48e18b99e02789fb64f098171bbb7323e897ef7526a570756771115719d1633a?s=96&d=mm&r=g\",\"caption\":\"YOD\"},\"sameAs\":[\"https:\/\/tipiti.biz\"],\"url\":\"https:\/\/tipiti.biz\/site\/author\/yod\/\"}]}<\/script>\n<!-- \/ Yoast SEO plugin. -->","yoast_head_json":{"title":"Anderson Dovilas, la po\u00e9sie comme une vertu. - Tipiti","robots":{"index":"index","follow":"follow","max-snippet":"max-snippet:-1","max-image-preview":"max-image-preview:large","max-video-preview":"max-video-preview:-1"},"canonical":"https:\/\/tipiti.biz\/site\/2015\/01\/24\/anderson-dovilas-la-poesie-comme-une-vertu\/","og_locale":"fr_FR","og_type":"article","og_title":"Anderson Dovilas, la po\u00e9sie comme une vertu. - Tipiti","og_description":"\u00ab\u00a0Patasw\u00e8l\u00a0\u00bb, est le dernier po\u00e8me mit en image de Anderson Dovilas, dans lequel il veut&#8230;","og_url":"https:\/\/tipiti.biz\/site\/2015\/01\/24\/anderson-dovilas-la-poesie-comme-une-vertu\/","og_site_name":"Tipiti","article_publisher":"https:\/\/www.facebook.com\/Tipiti.biz","article_published_time":"2015-01-25T02:08:12+00:00","article_modified_time":"2017-12-28T20:30:52+00:00","og_image":[{"url":"https:\/\/tipiti.biz\/site\/wp-content\/uploads\/2015\/01\/Andy01-280x300.jpg"}],"author":"YOD","twitter_card":"summary_large_image","twitter_creator":"@Tipitibiz","twitter_site":"@Tipitibiz","twitter_misc":{"\u00c9crit par":"YOD","Dur\u00e9e de lecture estim\u00e9e":"3 minutes"},"schema":{"@context":"https:\/\/schema.org","@graph":[{"@type":"Article","@id":"https:\/\/tipiti.biz\/site\/2015\/01\/24\/anderson-dovilas-la-poesie-comme-une-vertu\/#article","isPartOf":{"@id":"https:\/\/tipiti.biz\/site\/2015\/01\/24\/anderson-dovilas-la-poesie-comme-une-vertu\/"},"author":{"name":"YOD","@id":"https:\/\/tipiti.biz\/site\/#\/schema\/person\/4b261eb542aeaa6bfde1a98b107953b0"},"headline":"Anderson Dovilas, la po\u00e9sie comme une vertu.","datePublished":"2015-01-25T02:08:12+00:00","dateModified":"2017-12-28T20:30:52+00:00","mainEntityOfPage":{"@id":"https:\/\/tipiti.biz\/site\/2015\/01\/24\/anderson-dovilas-la-poesie-comme-une-vertu\/"},"wordCount":662,"publisher":{"@id":"https:\/\/tipiti.biz\/site\/#organization"},"inLanguage":"fr-FR"},{"@type":"WebPage","@id":"https:\/\/tipiti.biz\/site\/2015\/01\/24\/anderson-dovilas-la-poesie-comme-une-vertu\/","url":"https:\/\/tipiti.biz\/site\/2015\/01\/24\/anderson-dovilas-la-poesie-comme-une-vertu\/","name":"Anderson Dovilas, la po\u00e9sie comme une vertu. - Tipiti","isPartOf":{"@id":"https:\/\/tipiti.biz\/site\/#website"},"datePublished":"2015-01-25T02:08:12+00:00","dateModified":"2017-12-28T20:30:52+00:00","breadcrumb":{"@id":"https:\/\/tipiti.biz\/site\/2015\/01\/24\/anderson-dovilas-la-poesie-comme-une-vertu\/#breadcrumb"},"inLanguage":"fr-FR","potentialAction":[{"@type":"ReadAction","target":["https:\/\/tipiti.biz\/site\/2015\/01\/24\/anderson-dovilas-la-poesie-comme-une-vertu\/"]}]},{"@type":"BreadcrumbList","@id":"https:\/\/tipiti.biz\/site\/2015\/01\/24\/anderson-dovilas-la-poesie-comme-une-vertu\/#breadcrumb","itemListElement":[{"@type":"ListItem","position":1,"name":"Accueil","item":"https:\/\/tipiti.biz\/site\/"},{"@type":"ListItem","position":2,"name":"Anderson Dovilas, la po\u00e9sie comme une vertu."}]},{"@type":"WebSite","@id":"https:\/\/tipiti.biz\/site\/#website","url":"https:\/\/tipiti.biz\/site\/","name":"Tipiti","description":"Ayiti Cheri - Konsa nou ye!","publisher":{"@id":"https:\/\/tipiti.biz\/site\/#organization"},"potentialAction":[{"@type":"SearchAction","target":{"@type":"EntryPoint","urlTemplate":"https:\/\/tipiti.biz\/site\/?s={search_term_string}"},"query-input":"required name=search_term_string"}],"inLanguage":"fr-FR"},{"@type":"Organization","@id":"https:\/\/tipiti.biz\/site\/#organization","name":"Tipiti","url":"https:\/\/tipiti.biz\/site\/","logo":{"@type":"ImageObject","inLanguage":"fr-FR","@id":"https:\/\/tipiti.biz\/site\/#\/schema\/logo\/image\/","url":"https:\/\/i0.wp.com\/tipiti.biz\/site\/wp-content\/uploads\/2022\/12\/logoTipiti.jpeg?fit=1080%2C1080&ssl=1","contentUrl":"https:\/\/i0.wp.com\/tipiti.biz\/site\/wp-content\/uploads\/2022\/12\/logoTipiti.jpeg?fit=1080%2C1080&ssl=1","width":1080,"height":1080,"caption":"Tipiti"},"image":{"@id":"https:\/\/tipiti.biz\/site\/#\/schema\/logo\/image\/"},"sameAs":["https:\/\/www.instagram.com\/tipitibiz","https:\/\/www.youtube.com\/c\/TipitiBiz","https:\/\/www.facebook.com\/Tipiti.biz","https:\/\/twitter.com\/Tipitibiz"]},{"@type":"Person","@id":"https:\/\/tipiti.biz\/site\/#\/schema\/person\/4b261eb542aeaa6bfde1a98b107953b0","name":"YOD","image":{"@type":"ImageObject","inLanguage":"fr-FR","@id":"https:\/\/tipiti.biz\/site\/#\/schema\/person\/image\/","url":"https:\/\/secure.gravatar.com\/avatar\/48e18b99e02789fb64f098171bbb7323e897ef7526a570756771115719d1633a?s=96&d=mm&r=g","contentUrl":"https:\/\/secure.gravatar.com\/avatar\/48e18b99e02789fb64f098171bbb7323e897ef7526a570756771115719d1633a?s=96&d=mm&r=g","caption":"YOD"},"sameAs":["https:\/\/tipiti.biz"],"url":"https:\/\/tipiti.biz\/site\/author\/yod\/"}]}},"jetpack_featured_media_url":"","jetpack_publicize_connections":[],"jetpack_sharing_enabled":true,"jetpack_shortlink":"https:\/\/wp.me\/p9O64w-1Ox","_links":{"self":[{"href":"https:\/\/tipiti.biz\/site\/wp-json\/wp\/v2\/posts\/6977","targetHints":{"allow":["GET"]}}],"collection":[{"href":"https:\/\/tipiti.biz\/site\/wp-json\/wp\/v2\/posts"}],"about":[{"href":"https:\/\/tipiti.biz\/site\/wp-json\/wp\/v2\/types\/post"}],"author":[{"embeddable":true,"href":"https:\/\/tipiti.biz\/site\/wp-json\/wp\/v2\/users\/5"}],"replies":[{"embeddable":true,"href":"https:\/\/tipiti.biz\/site\/wp-json\/wp\/v2\/comments?post=6977"}],"version-history":[{"count":14,"href":"https:\/\/tipiti.biz\/site\/wp-json\/wp\/v2\/posts\/6977\/revisions"}],"predecessor-version":[{"id":7989,"href":"https:\/\/tipiti.biz\/site\/wp-json\/wp\/v2\/posts\/6977\/revisions\/7989"}],"wp:attachment":[{"href":"https:\/\/tipiti.biz\/site\/wp-json\/wp\/v2\/media?parent=6977"}],"wp:term":[{"taxonomy":"category","embeddable":true,"href":"https:\/\/tipiti.biz\/site\/wp-json\/wp\/v2\/categories?post=6977"},{"taxonomy":"post_tag","embeddable":true,"href":"https:\/\/tipiti.biz\/site\/wp-json\/wp\/v2\/tags?post=6977"}],"curies":[{"name":"wp","href":"https:\/\/api.w.org\/{rel}","templated":true}]}}